{"id":436,"date":"2022-02-03T20:17:23","date_gmt":"2022-02-03T19:17:23","guid":{"rendered":"https:\/\/sites-recherche.univ-rennes2.fr\/ace\/?p=436"},"modified":"2026-03-24T11:53:41","modified_gmt":"2026-03-24T10:53:41","slug":"436","status":"publish","type":"post","link":"https:\/\/sites-recherche.univ-rennes2.fr\/ace\/2022\/02\/03\/436\/","title":{"rendered":"R\u00e9seau Theorias"},"content":{"rendered":"<article class=\"node-13125 node node-page view-mode-full structure-ace clearfix\">\n<div class=\"field field-name-body field-type-text-with-summary field-label-hidden\">\n<div class=\"field-items\">\n<p><img loading=\"lazy\" decoding=\"async\" class=\"alignleft size-full wp-image-437\" src=\"https:\/\/sites-recherche.univ-rennes2.fr\/ace\/wp-content\/uploads\/2022\/02\/logo-theorias-200x107-1.jpg\" alt=\"logo Theorias\" width=\"200\" height=\"107\" \/><\/p>\n<p>Theorias est un r\u00e9seau transdisciplinaire et international de th\u00e9orisation de la spiritualit\u00e9, cr\u00e9\u00e9 en 2012 \u00e0 l\u2019Universit\u00e9 de Louvain La Neuve (Belgique), suite au colloque \u00ab\u00a0Approches Transdisci\u00adplinaires de la Spiritualit\u00e9 dans les Arts et les Sciences\u00a0\u00bb conjointement organis\u00e9 par le laboratoire ACE (Rennes 2) et le CTEL (Centre Transdisciplinaire d\u2019Epist\u00e9mologie de la Litt\u00e9rature, Nice) \u00e0 l\u2019Universit\u00e9 de Nice-Sophia Antipolis en juin 2011. Ce r\u00e9seau s\u2019est donn\u00e9 pour objectif d\u2019\u00e9laborer une th\u00e9orisation de la notion de spiritualit\u00e9 afin d\u2019en faire un concept utilisable dans les divers champs du savoir scientifique.<\/p>\n<p>&nbsp;<\/p>\n<h2>Activit\u00e9s du r\u00e9seau<\/h2>\n<p>Le colloque fondateur de 2011 avait pour objectif la rencontre d\u2019approches du spirituel par les sciences dites \u00ab\u00a0dures\u00a0\u00bb (notamment la physique quantique) et les sciences humaines. Les actes ont \u00e9t\u00e9 publi\u00e9s sous le titre <em>Th\u00e9oriser le spirituel. Approches Transdiscipli\u00adnaires de la Spiritualit\u00e9 dans les Arts et les Sciences<\/em>, aux Editions Modulaires Europ\u00e9ennes, en 2015.<\/p>\n<p>Depuis sa fondation, le r\u00e9seau a organis\u00e9 deux autres colloques et trois journ\u00e9es d\u2019\u00e9tude :<\/p>\n<h3><strong>Journ\u00e9es d\u2019\u00e9tude<\/strong><\/h3>\n<ul>\n<li>\u00ab\u00a0Th\u00e9oriser la mystique\u00a0\u00bb, Sacred Heart University, Luxembourg, 2 octobre 2012<\/li>\n<li>\u00ab\u00a0Y a-t-il une spiritualit\u00e9 la\u00efque ?\u00a0\u00bb, Universit\u00e9 de Lille, 4 octobre 2013<\/li>\n<li>\u00ab\u00a0Le spirituel en fiction fran\u00e7aise et anglophone\u00a0\u00bb Universit\u00e9 Rennes 2, 23 janvier 2026<\/li>\n<\/ul>\n<p><iframe title=\"Lecteur vid\u00e9o\" src=\"https:\/\/ubicast.visio.univ-rennes2.fr\/permalink\/v126d3910c290qgq9pnp\/iframe\/\" allowfullscreen=\"allowfullscreen\" data-mce-fragment=\"1\"><span data-mce-type=\"bookmark\" class=\"mce_SELRES_start\">\ufeff<\/span><\/iframe><\/p>\n<h3><strong>Colloques<\/strong><\/h3>\n<p>\u00ab\u00a0Approches transdisciplinaires du spirituel dans les lettres et les arts occidentaux contemporains : analyses et th\u00e9orisations\u00a0\u00bb, Universit\u00e9 du Qu\u00e9bec \u00e0 Rimouski, Canada, 26-27 mai 2015<\/p>\n<p>\u00ab\u00a0Le spirituel : un concept op\u00e9ratoire en sciences humaines ?\u00a0\u00bb, Universit\u00e9 Rennes 2, 19-20 octobre 2017<\/p>\n<h3><strong>Publications<\/strong><\/h3>\n<p><em>Le spirituel, un concept op\u00e9ratoire en sciences humaines et sociales,\u00a0<\/em>Claude Le Fustec, Xavier Gravend-Tirole, Myriam Watthee-Delmotte (dir.), Presses universitaires de Louvain, 2022.<\/p>\n<p><em>Th\u00e9oriser le spirituel? Approches transdisciplinaires de la spiritualit\u00e9 dans les Arts et les Sciences<\/em>, Claude Le Fustec, Fran\u00e7oise et Jeff Storey (dir.), Editions Modulaires Europ\u00e9ennes, coll. Esth\u00e9tique et Spiritualit\u00e9,\u00a0Bruxelles, Belgique, Avril 2015, 285\u00a0pages.<\/p>\n<p><em>Approches transdisciplinaires du spirituel dans les lettres et les arts occidentaux contemporains<\/em>, Claude Le Fustec (dir.), Cosmopolis. <em>Revue de Cosmopolitique<\/em>, n\u00b0\u00a03-4, 2016, p. 1-87.<\/p>\n<p><em>Enjeux esth\u00e9tiques et spirituels de la comm\u00e9moration<\/em>, Myriam Watthee-Delmotte et Mark O. Connor (dir.), EME, 2016, 250 pages.<\/p>\n<h3><strong>M\u00e9dias<\/strong><\/h3>\n<\/div>\n<div class=\"ox-d4daefe495-html-div ox-d4daefe495-xe8uvvx ox-d4daefe495-xdj266r ox-d4daefe495-x11i5rnm ox-d4daefe495-xat24cr ox-d4daefe495-x1mh8g0r ox-d4daefe495-xexx8yu ox-d4daefe495-x4uap5 ox-d4daefe495-x18d9i69 ox-d4daefe495-xkhd6sd ox-d4daefe495-x1h91t0o ox-d4daefe495-xkh2ocl ox-d4daefe495-x78zum5 ox-d4daefe495-xdt5ytf ox-d4daefe495-x13a6bvl ox-d4daefe495-x193iq5w ox-d4daefe495-x1c4vz4f ox-d4daefe495-x1eb86dx\">\n<div class=\"ox-d4daefe495-html-div ox-d4daefe495-xe8uvvx ox-d4daefe495-xdj266r ox-d4daefe495-x11i5rnm ox-d4daefe495-xat24cr ox-d4daefe495-x1mh8g0r ox-d4daefe495-xexx8yu ox-d4daefe495-x4uap5 ox-d4daefe495-x18d9i69 ox-d4daefe495-xkhd6sd ox-d4daefe495-x193iq5w ox-d4daefe495-x1n2onr6 ox-d4daefe495-x1vjfegm ox-d4daefe495-xh8yej3\">\n<div class=\"ox-d4daefe495-xw5ewwj ox-d4daefe495-xh8yej3\">\n<div class=\"ox-d4daefe495-html-div ox-d4daefe495-xe8uvvx ox-d4daefe495-xdj266r ox-d4daefe495-x11i5rnm ox-d4daefe495-xat24cr ox-d4daefe495-x1mh8g0r ox-d4daefe495-xexx8yu ox-d4daefe495-x4uap5 ox-d4daefe495-x18d9i69 ox-d4daefe495-xkhd6sd ox-d4daefe495-x1gn5b1j ox-d4daefe495-x230xth ox-d4daefe495-x5yr21d ox-d4daefe495-x6ikm8r ox-d4daefe495-x10wlt62 ox-d4daefe495-xxymvpz ox-d4daefe495-x1xr0vuk ox-d4daefe495-x13lgxp2 ox-d4daefe495-x1lcm9me\">\n<div class=\"ox-d4daefe495-x9f619 ox-d4daefe495-x1n2onr6 ox-d4daefe495-x1ja2u2z ox-d4daefe495-__fb-light-mode\">\n<div class=\"ox-d4daefe495-x78zum5 ox-d4daefe495-xdt5ytf ox-d4daefe495-x5yr21d\">\n<div class=\"ox-d4daefe495-x78zum5 ox-d4daefe495-xdt5ytf ox-d4daefe495-x1iyjqo2 ox-d4daefe495-xl56j7k ox-d4daefe495-x14vqqas ox-d4daefe495-xq8finb ox-d4daefe495-xod5an3 ox-d4daefe495-x16n37ib ox-d4daefe495-xisnujt\">\n<div class=\"ox-d4daefe495-x78zum5 ox-d4daefe495-x1q0g3np ox-d4daefe495-x1iyjqo2 ox-d4daefe495-xw3qccf\">\n<div class=\"ox-d4daefe495-x193iq5w ox-d4daefe495-x126k92a ox-d4daefe495-xh8yej3\">\n<div class=\"ox-d4daefe495-x1qjc9v5 ox-d4daefe495-x9f619 ox-d4daefe495-xdl72j9 ox-d4daefe495-x2lwn1j ox-d4daefe495-xeuugli ox-d4daefe495-x1n2onr6 ox-d4daefe495-x1ja2u2z ox-d4daefe495-x78zum5 ox-d4daefe495-xdt5ytf ox-d4daefe495-xs83m0k ox-d4daefe495-xz62fqu ox-d4daefe495-x16ldp7u\">\n<div class=\"ox-d4daefe495-x1qjc9v5 ox-d4daefe495-x9f619 ox-d4daefe495-x78zum5 ox-d4daefe495-xdl72j9 ox-d4daefe495-xdt5ytf ox-d4daefe495-x2lah0s ox-d4daefe495-x2lwn1j ox-d4daefe495-xeuugli ox-d4daefe495-x1n2onr6 ox-d4daefe495-x1ja2u2z ox-d4daefe495-xu06os2 ox-d4daefe495-x1ok221b\">\n<p><span class=\"ox-d4daefe495-x1lliihq ox-d4daefe495-x1plvlek ox-d4daefe495-xryxfnj ox-d4daefe495-x1n2onr6 ox-d4daefe495-x193iq5w ox-d4daefe495-xeuugli ox-d4daefe495-x13faqbe ox-d4daefe495-x1vvkbs ox-d4daefe495-x1s928wv ox-d4daefe495-xhkezso ox-d4daefe495-x1gmr53x ox-d4daefe495-x1cpjm7i ox-d4daefe495-x1fgarty ox-d4daefe495-x1943h6x ox-d4daefe495-xlh3980 ox-d4daefe495-xvmahel ox-d4daefe495-x1n0sxbx ox-d4daefe495-x6prxxf ox-d4daefe495-x1s688f ox-d4daefe495-xzsf02u ox-d4daefe495-x1yc453h ox-d4daefe495-xudqn12 ox-d4daefe495-x3x7a5m ox-d4daefe495-xq9mrsl\"><span class=\"ox-d4daefe495-x1lliihq ox-d4daefe495-x193iq5w ox-d4daefe495-x6ikm8r ox-d4daefe495-x10wlt62\"><img loading=\"lazy\" decoding=\"async\" class=\"wp-image-1013 alignleft\" src=\"https:\/\/sites-recherche.univ-rennes2.fr\/ace\/wp-content\/uploads\/2022\/02\/capture-decran-2023-06-27-a-15.16.38-300x199.png\" alt=\"\" width=\"219\" height=\"145\" srcset=\"https:\/\/sites-recherche.univ-rennes2.fr\/ace\/wp-content\/uploads\/2022\/02\/capture-decran-2023-06-27-a-15.16.38-300x199.png 300w, https:\/\/sites-recherche.univ-rennes2.fr\/ace\/wp-content\/uploads\/2022\/02\/capture-decran-2023-06-27-a-15.16.38.png 494w\" sizes=\"auto, (max-width: 219px) 100vw, 219px\" \/>\u00c9tudier, \u00e9clairer et comprendre le spirituel &#8211; Retrouvez l&rsquo;interview d&rsquo;\u00c9ric Vinson <a href=\"https:\/\/youtu.be\/W9pI92W4KoM\" target=\"_blank\" rel=\"noopener\">ici<\/a>.<\/span><\/span><\/p>\n<p>Eric Vinson, politologue des religions et membre de Theorias \u00e9tait l&rsquo;invit\u00e9 de France Culture pour parler du spirituel le 25 juin 2023. Retrouvez l&rsquo;\u00e9mission <strong><a href=\"https:\/\/www.radiofrance.fr\/franceculture\/podcasts\/questions-d-islam\/le-spirituel-un-concept-operatoire-5627315\">ici<\/a><\/strong>.<\/p>\n<p><span class=\"ox-d4daefe495-x1lliihq ox-d4daefe495-x1plvlek ox-d4daefe495-xryxfnj ox-d4daefe495-x1n2onr6 ox-d4daefe495-x193iq5w ox-d4daefe495-xeuugli ox-d4daefe495-x13faqbe ox-d4daefe495-x1vvkbs ox-d4daefe495-x1s928wv ox-d4daefe495-xhkezso ox-d4daefe495-x1gmr53x ox-d4daefe495-x1cpjm7i ox-d4daefe495-x1fgarty ox-d4daefe495-x1943h6x ox-d4daefe495-xlh3980 ox-d4daefe495-xvmahel ox-d4daefe495-x1n0sxbx ox-d4daefe495-x6prxxf ox-d4daefe495-x1s688f ox-d4daefe495-xzsf02u ox-d4daefe495-x1yc453h ox-d4daefe495-xudqn12 ox-d4daefe495-x3x7a5m ox-d4daefe495-xq9mrsl\"><span class=\"ox-d4daefe495-x1lliihq ox-d4daefe495-x193iq5w ox-d4daefe495-x6ikm8r ox-d4daefe495-x10wlt62\">\u00a0<\/span><\/span><\/p>\n<\/div>\n<\/div>\n<\/div>\n<\/div>\n<\/div>\n<\/div>\n<\/div>\n<\/div>\n<\/div>\n<\/div>\n<\/div>\n<\/div>\n<\/article>\n<article class=\"node-13125 node node-page view-mode-full structure-ace clearfix\">\n<div class=\"field field-name-body field-type-text-with-summary field-label-hidden\">\n<h3 class=\"field-items\"><\/h3>\n<p>&nbsp;<\/p>\n<hr \/>\n<h3 class=\"field-items\">S\u00e9minaires et conf\u00e9rences<\/h3>\n<p><iframe loading=\"lazy\" src=\"https:\/\/ubicast.visio.univ-rennes2.fr\/permalink\/v1268c68ea21b3s3q8xq\/iframe\/\" width=\"360\" height=\"265\" allowfullscreen=\"allowfullscreen\" data-mce-fragment=\"1\"><span data-mce-type=\"bookmark\" class=\"mce_SELRES_start\">\ufeff<\/span><\/iframe><\/p>\n<p><strong>\u00ab\u00a0L&rsquo;Evangile selon Big Tech: quels sont les enjeux spirituels de l&rsquo;intelligence artificielle?\u00a0\u00bb<\/strong> &#8211; Conf\u00e9rence par Gr\u00e9gory Aimar, journaliste et \u00e9crivain sp\u00e9cialiste de l&rsquo;IA<\/p>\n<p>27 novembre 2024, Universit\u00e9 Rennes2\u00a0 (Campus Villejean, L 201, 16-18h, Organisatrice: C. Le Fustec pour Theorias)<\/p>\n<p>&nbsp;<\/p>\n<div class=\"field-items\">\n<h3><strong>S\u00e9minaire 2024 : <\/strong><span class=\"\"><strong>Voies n\u00e9gatives et processus d&rsquo;\u00e9criture. Pour des outils th\u00e9oriques en recherche-cr\u00e9ation.<\/strong><\/span><\/h3>\n<h3><a href=\"https:\/\/sites-recherche.univ-rennes2.fr\/ace\/wp-content\/uploads\/2022\/02\/aff-parisse_page-0001.jpg\"><img loading=\"lazy\" decoding=\"async\" class=\"alignleft wp-image-1395 size-medium\" src=\"https:\/\/sites-recherche.univ-rennes2.fr\/ace\/wp-content\/uploads\/2022\/02\/aff-parisse_page-0001-212x300.jpg\" alt=\"\" width=\"212\" height=\"300\" srcset=\"https:\/\/sites-recherche.univ-rennes2.fr\/ace\/wp-content\/uploads\/2022\/02\/aff-parisse_page-0001-212x300.jpg 212w, https:\/\/sites-recherche.univ-rennes2.fr\/ace\/wp-content\/uploads\/2022\/02\/aff-parisse_page-0001-724x1024.jpg 724w, https:\/\/sites-recherche.univ-rennes2.fr\/ace\/wp-content\/uploads\/2022\/02\/aff-parisse_page-0001-768x1086.jpg 768w, https:\/\/sites-recherche.univ-rennes2.fr\/ace\/wp-content\/uploads\/2022\/02\/aff-parisse_page-0001-1086x1536.jpg 1086w, https:\/\/sites-recherche.univ-rennes2.fr\/ace\/wp-content\/uploads\/2022\/02\/aff-parisse_page-0001-1448x2048.jpg 1448w, https:\/\/sites-recherche.univ-rennes2.fr\/ace\/wp-content\/uploads\/2022\/02\/aff-parisse_page-0001-848x1200.jpg 848w, https:\/\/sites-recherche.univ-rennes2.fr\/ace\/wp-content\/uploads\/2022\/02\/aff-parisse_page-0001.jpg 1754w\" sizes=\"auto, (max-width: 212px) 100vw, 212px\" \/><\/a><\/h3>\n<h3><\/h3>\n<h3><\/h3>\n<h3>Retrouvez ici le <a href=\"https:\/\/sites-recherche.univ-rennes2.fr\/ace\/wp-content\/uploads\/2022\/02\/prog-sem-voies-negatives-et-processus-decriture-2024.pdf\">programme du s\u00e9minaire \u00ab\u00a0Voies n\u00e9gatives et processus d&rsquo;\u00e9criture\u00a0\u00bb 2024<\/a>.<\/h3>\n<h3><\/h3>\n<\/div>\n<\/div>\n<\/article>\n<p>&nbsp;<\/p>\n<article class=\"node-13125 node node-page view-mode-full structure-ace clearfix\">\n<div class=\"field field-name-body field-type-text-with-summary field-label-hidden\">\n<div class=\"field-items\">\n<h3><strong>S\u00e9minaire 2023 : <\/strong><span class=\"\"><strong>Voies n\u00e9gatives et processus d&rsquo;\u00e9criture. Pour des outils th\u00e9oriques en recherche-cr\u00e9ation.<\/strong><br \/>\n<\/span><\/h3>\n<p><strong><img loading=\"lazy\" decoding=\"async\" class=\" wp-image-965 alignleft\" src=\"https:\/\/sites-recherche.univ-rennes2.fr\/ace\/wp-content\/uploads\/2022\/02\/113417_d4b17e429d97097181af6be06cb365c7.jpg-212x300.webp\" alt=\"\" width=\"217\" height=\"307\" srcset=\"https:\/\/sites-recherche.univ-rennes2.fr\/ace\/wp-content\/uploads\/2022\/02\/113417_d4b17e429d97097181af6be06cb365c7.jpg-212x300.webp 212w, https:\/\/sites-recherche.univ-rennes2.fr\/ace\/wp-content\/uploads\/2022\/02\/113417_d4b17e429d97097181af6be06cb365c7.jpg-724x1024.webp 724w, https:\/\/sites-recherche.univ-rennes2.fr\/ace\/wp-content\/uploads\/2022\/02\/113417_d4b17e429d97097181af6be06cb365c7.jpg-768x1086.webp 768w, https:\/\/sites-recherche.univ-rennes2.fr\/ace\/wp-content\/uploads\/2022\/02\/113417_d4b17e429d97097181af6be06cb365c7.jpg-1086x1536.webp 1086w, https:\/\/sites-recherche.univ-rennes2.fr\/ace\/wp-content\/uploads\/2022\/02\/113417_d4b17e429d97097181af6be06cb365c7.jpg-849x1200.webp 849w, https:\/\/sites-recherche.univ-rennes2.fr\/ace\/wp-content\/uploads\/2022\/02\/113417_d4b17e429d97097181af6be06cb365c7.jpg.webp 1294w\" sizes=\"auto, (max-width: 217px) 100vw, 217px\" \/>S\u00e9ance 1 &#8211;<\/strong> JEUDI 9 MARS 2023 \/ \u00a014h \u00e0 18h<\/p>\n<p>Lydie PARISSE (UT2J, PLH) \u00a0 \u2022 \u00a0 \u00ab\u00a0La notion de voie n\u00e9gative dans l\u2019histoire des id\u00e9es et l\u2019histoire des formes. Etat d\u2019une recherche\u00a0\u00bb<br \/>\nPhilippe FILLIOT (Universit\u00e9 de Reims) \u00a0 \u2022 \u00a0 \u00ab\u00a0Les r\u00e9activations des mystiques n\u00e9gatives chez quelques artistes contemporains\u00a0\u00bb<\/p>\n<p><strong>S\u00e9ance 2<\/strong> &#8211; JEUDI 6 AVRIL 2023 \/ \u00a014h \u00e0 18h<\/p>\n<p>Flore GARCIN-MARROU (UT2J, LLA CREATIS) \u00ab\u00a0Pratiques de la n\u00e9gativit\u00e9, logiques de relations et m\u00e9thodes d\u2019oraison mystiques dans la cr\u00e9ation th\u00e9\u00e2trale. De Melville \u00e0 Grotowski, Barba, Novarina.\u00a0\u00bb<\/p>\n<p>Lydie PARISSE (UT2J, PLH). \u00ab\u00a0Les m\u00e9thodes dites \u00ab\u00a0passives\u00a0\u00bb dans le th\u00e9\u00e2tre de S. Beckett et de V. Novarina.\u00a0\u00bb<\/p>\n<p><strong>S\u00e9ance 3<\/strong> &#8211; JEUDI 11 MAI 2023 \/ \u00a014h \u00e0 18h<\/p>\n<p>Margherita ORSINO (UT2J, CEIIBA) \u00ab\u00a0\u00a0La via negativa dans la parole po\u00e9tique et la po\u00e9sie d\u2019action. Mythe et n\u00e9gation dans l\u2019\u0153uvre de quelques artistes performeuses \u00bb<br \/>\nAdrien CHAPEL (Universit\u00e9 CY Cergy Paris Universit\u00e9) \u00ab N\u00e9gation de soi et acc\u00e8s \u00e0 l\u2019\u00e9criture \u00bb<\/p>\n<p>Plus d&rsquo;informations <strong><a href=\"https:\/\/www.fabula.org\/actualites\/113417\/voies-negatives-et-processus-d-ecriture-pour-des-outils-theoriques-en.html\">ici<\/a><\/strong>.<\/p>\n<hr \/>\n<h3><strong>S\u00e9minaires LARCA-CNRS 2022<\/strong><\/h3>\n<p>1)\u00a0<em>Ecrire\/interpr\u00e9ter le spirituel en litt\u00e9rature. Quelques \u00e9l\u00e9ments m\u00e9thodologiques\u00a0<\/em>(Claude Le Fustec, Ma\u00eetre de Conf\u00e9rences \u00e0 l&rsquo;Universit\u00e9 Rennes2 en d\u00e9l\u00e9gation CNRS au LARCA et Myriam Watthee-Delmotte, Directrice de recherches du FNRS et Professeure \u00e9m\u00e9rite \u00e0 l&rsquo;UC Louvain, Directrice de la Classe des Lettres de l&rsquo;Acad\u00e9mie Royale de Belgique)<\/p>\n<\/div>\n<ul>\n<li>1\u00e8re s\u00e9ance: La Figure (<span id=\"OBJ_PREFIX_DWT127_com_zimbra_date\" class=\"Object\" role=\"link\">21 janvier 2022<\/span>)<\/li>\n<li>2\u00e8me s\u00e9ance: La Structure du R\u00e9cit (<span id=\"OBJ_PREFIX_DWT128_com_zimbra_date\" class=\"Object\" role=\"link\">28 janvier 2022<\/span>)<\/li>\n<\/ul>\n<p>2)\u00a0<em>Martin-Luther King, un \u00ab spirituel d\u00e9mocrate \u00bb ?<\/em>\u00a0(<span id=\"OBJ_PREFIX_DWT129_com_zimbra_date\" class=\"Object\" role=\"link\">12 mai 2022<\/span>) (Eric Vinson, Chercheur associ\u00e9 au GSRL (EPHE-CNRS)<\/p>\n<p>3)\u00a0<em>L\u2019imm\u00e9diatisme, un trait culturel du spiritualisme \u00e9tats-unien en voie de diffusion plan\u00e9taire ?<\/em>\u00a0(<span id=\"OBJ_PREFIX_DWT130_com_zimbra_date\" class=\"Object\" role=\"link\">9 juin 2022<\/span>) (Eric Vinson)<\/p>\n<p>4)\u00a0<em>Samuel Beckett et la voie n\u00e9gative\u00a0<\/em>(Lydie Parisse, MCF HDR, Universit\u00e9 de Toulouse Jean Jaur\u00e8s, avec Lewwellyn Brown) (<span id=\"OBJ_PREFIX_DWT131_com_zimbra_date\" class=\"Object\" role=\"link\">juin 2022<\/span>)<\/p>\n<div class=\"field-items\">\n<div class=\"field-item even\">\n<p>&nbsp;<\/p>\n<p><strong>Contact :<\/strong> <a href=\"https:\/\/sites-recherche.univ-rennes2.fr\/ace\/author\/lefustec_c\/\">Claude Le Fustec<\/a><\/p>\n<\/div>\n<\/div>\n<\/div>\n<\/article>\n","protected":false},"excerpt":{"rendered":"<p>Theorias est un r\u00e9seau transdisciplinaire et international de th\u00e9orisation de la spiritualit\u00e9, cr\u00e9\u00e9 en 2012 \u00e0 l\u2019Universit\u00e9 de Louvain La Neuve (Belgique), suite au&hellip;<\/p>\n","protected":false},"author":2,"featured_media":437,"comment_status":"closed","ping_status":"closed","sticky":false,"template":"","format":"standard","meta":{"_acf_changed":false,"footnotes":""},"class_list":["post-436","post","type-post","status-publish","format-standard","has-post-thumbnail","hentry"],"acf":[],"_links":{"self":[{"href":"https:\/\/sites-recherche.univ-rennes2.fr\/ace\/wp-json\/wp\/v2\/posts\/436","targetHints":{"allow":["GET"]}}],"collection":[{"href":"https:\/\/sites-recherche.univ-rennes2.fr\/ace\/wp-json\/wp\/v2\/posts"}],"about":[{"href":"https:\/\/sites-recherche.univ-rennes2.fr\/ace\/wp-json\/wp\/v2\/types\/post"}],"author":[{"embeddable":true,"href":"https:\/\/sites-recherche.univ-rennes2.fr\/ace\/wp-json\/wp\/v2\/users\/2"}],"replies":[{"embeddable":true,"href":"https:\/\/sites-recherche.univ-rennes2.fr\/ace\/wp-json\/wp\/v2\/comments?post=436"}],"version-history":[{"count":22,"href":"https:\/\/sites-recherche.univ-rennes2.fr\/ace\/wp-json\/wp\/v2\/posts\/436\/revisions"}],"predecessor-version":[{"id":2307,"href":"https:\/\/sites-recherche.univ-rennes2.fr\/ace\/wp-json\/wp\/v2\/posts\/436\/revisions\/2307"}],"wp:featuredmedia":[{"embeddable":true,"href":"https:\/\/sites-recherche.univ-rennes2.fr\/ace\/wp-json\/wp\/v2\/media\/437"}],"wp:attachment":[{"href":"https:\/\/sites-recherche.univ-rennes2.fr\/ace\/wp-json\/wp\/v2\/media?parent=436"}],"curies":[{"name":"wp","href":"https:\/\/api.w.org\/{rel}","templated":true}]}}