{"id":671,"date":"2022-03-06T19:52:18","date_gmt":"2022-03-06T18:52:18","guid":{"rendered":"https:\/\/sites-recherche.univ-rennes2.fr\/ace\/?p=671"},"modified":"2023-04-04T14:56:48","modified_gmt":"2023-04-04T12:56:48","slug":"theorias-network","status":"publish","type":"post","link":"https:\/\/sites-recherche.univ-rennes2.fr\/ace\/en\/2022\/03\/06\/theorias-network\/","title":{"rendered":"Theorias Network"},"content":{"rendered":"<p>Theorias is a transdisciplinary and international network of theorisation of spirituality, created in 2012 at the University of Louvain La Neuve (Belgium), following the conference \u201cTransdisciplinary Approaches to Spirituality in the Arts and Sciences\u201d jointly organised by ACE (Rennes 2) and the CTEL (Transdisciplinary Centre of Epistemology of Literature, Nice) at the University of Nice-Sophia Antipolis in June 2011. This network aims to develop a theorisation of the notion of spirituality in order to make it a concept that can be used in the various fields of scientific knowledge.<\/p>\n<p>&nbsp;<\/p>\n<h2>Theorias activities<\/h2>\n<p>The founding conference in 2011 aimed to bring together approaches to the spiritual from the so-called \u00ab\u00a0hard\u00a0\u00bb sciences (especially quantum physics) and the humanities. The proceedings were published under the title <em>Th\u00e9oriser le spirituel. Approches Transdisciplinaires de la Spiritualit\u00e9 dans les Arts et les Sciences<\/em>, published by Editions Modulaires Europ\u00e9ennes, in 2015.<\/p>\n<p>Since its foundation, the network has organised two other conferences and two workshops:<\/p>\n<h3><strong>Workshops<\/strong><\/h3>\n<p>\u00ab\u00a0Th\u00e9oriser la mystique\u00a0\u00bb, Sacred Heart University, Luxembourg, 2 October 2012<\/p>\n<p>\u00ab Y a-t-il une spiritualit\u00e9 la\u00efque ? \u00bb, Universit\u00e9 de Lille, 4 October 2013<\/p>\n<h3><strong>Conferences<\/strong><\/h3>\n<p>\u00ab Approches transdisciplinaires du spirituel dans les lettres et les arts occidentaux contemporains : analyses et th\u00e9orisations \u00bb, Universit\u00e9 du Qu\u00e9bec, Rimouski, Canada, 26-27 May 2015<\/p>\n<p>\u00ab Le spirituel : un concept op\u00e9ratoire en sciences humaines ? \u00bb, Universit\u00e9 Rennes 2, 19-20 October 2017<\/p>\n<h3><strong>Publications\u00a0<\/strong><\/h3>\n<p><em>Le spirituel, un concept op\u00e9ratoire en sciences humaines et sociales, <\/em>Claude Le Fustec, Xavier Gravend-Tirole, Myriam Watthee-Delmotte (eds.), Presses universitaires de Louvain, 2022..<\/p>\n<p><em>Th\u00e9oriser le spirituel? Approches transdisciplinaires de la spiritualit\u00e9 dans les Arts et les Sciences<\/em>, Claude Le Fustec, Fran\u00e7oise et Jeff Storey (eds.), Editions Modulaires Europ\u00e9ennes, coll. Esth\u00e9tique et Spiritualit\u00e9, Bruxelles, Belgium, April 2015, 285 pages.<\/p>\n<p><em>Approches transdisciplinaires du spirituel dans les lettres et les arts occidentaux contemporains<\/em>, Claude Le Fustec (ed.), Cosmopolis. <em>Revue de Cosmopolitique<\/em>, n\u00b0\u00a03-4, 2016, p. 1-87.<\/p>\n<p><em>Enjeux esth\u00e9tiques et spirituels de la comm\u00e9moration<\/em>, Myriam Watthee-Delmotte et Mark O. Connor (eds.), EME, 2016, 250 pages.<\/p>\n<h3><strong>LARCA-CNRS 2022 seminars<\/strong><\/h3>\n<div class=\"field-items\">\n<div class=\"field-item even\">\n<p>1)\u00a0<em>Ecrire\/interpr\u00e9ter le spirituel en litt\u00e9rature. Quelques \u00e9l\u00e9ments m\u00e9thodologiques\u00a0<\/em>(Claude Le Fustec, Senior lecturer at Universit\u00e9 Rennes2 in CNRS delegation at LARCA et Myriam Watthee-Delmotte, Head of Research at FNRS et Professor Emeritus \u00e0 l\u2019UC Louvain, Director of the Class of Letters of the Acad\u00e9mie Royale de Belgique)<\/p>\n<\/div>\n<\/div>\n<ul>\n<li>1st session: La Figure (<span id=\"OBJ_PREFIX_DWT127_com_zimbra_date\" class=\"Object\" role=\"link\">21 January 2022<\/span>)<\/li>\n<li>2nd session: La Structure du R\u00e9cit (<span id=\"OBJ_PREFIX_DWT128_com_zimbra_date\" class=\"Object\" role=\"link\">28 <span id=\"OBJ_PREFIX_DWT127_com_zimbra_date\" class=\"Object\" role=\"link\">January<\/span> 2022<\/span>)<\/li>\n<\/ul>\n<p>2)\u00a0<em>Martin-Luther King, un \u00ab spirituel d\u00e9mocrate \u00bb ?<\/em>\u00a0(<span id=\"OBJ_PREFIX_DWT129_com_zimbra_date\" class=\"Object\" role=\"link\">12 May 2022<\/span>) (Eric Vinson, Associate researcher at GSRL (EPHE-CNRS)<\/p>\n<p>3)\u00a0<em>L\u2019imm\u00e9diatisme, un trait culturel du spiritualisme \u00e9tats-unien en voie de diffusion plan\u00e9taire ?<\/em>\u00a0(<span id=\"OBJ_PREFIX_DWT130_com_zimbra_date\" class=\"Object\" role=\"link\">9 june 2022<\/span>) (Eric Vinson)<\/p>\n<p>4)\u00a0<em>Samuel Beckett et la voie n\u00e9gative\u00a0<\/em>(Lydie Parisse, MCF HDR, Universit\u00e9 de Toulouse Jean Jaur\u00e8s, with Lewwellyn Brown) (<span id=\"OBJ_PREFIX_DWT131_com_zimbra_date\" class=\"Object\" role=\"link\">June 2022<\/span>: to be decided)<\/p>\n<div class=\"field-item even\"><\/div>\n<div class=\"field-item even\"><strong>Contact:<\/strong> <a href=\"https:\/\/sites-recherche.univ-rennes2.fr\/ace\/author\/lefustec_c\/\">Claude Le Fustec<\/a><\/div>\n","protected":false},"excerpt":{"rendered":"<p>Theorias is a transdisciplinary and international network of theorisation of spirituality, created in 2012 at the University of Louvain La Neuve (Belgium), following the&hellip;<\/p>\n","protected":false},"author":1,"featured_media":437,"comment_status":"closed","ping_status":"closed","sticky":false,"template":"","format":"standard","meta":{"_acf_changed":false,"footnotes":""},"class_list":["post-671","post","type-post","status-publish","format-standard","has-post-thumbnail","hentry"],"acf":[],"_links":{"self":[{"href":"https:\/\/sites-recherche.univ-rennes2.fr\/ace\/wp-json\/wp\/v2\/posts\/671","targetHints":{"allow":["GET"]}}],"collection":[{"href":"https:\/\/sites-recherche.univ-rennes2.fr\/ace\/wp-json\/wp\/v2\/posts"}],"about":[{"href":"https:\/\/sites-recherche.univ-rennes2.fr\/ace\/wp-json\/wp\/v2\/types\/post"}],"author":[{"embeddable":true,"href":"https:\/\/sites-recherche.univ-rennes2.fr\/ace\/wp-json\/wp\/v2\/users\/1"}],"replies":[{"embeddable":true,"href":"https:\/\/sites-recherche.univ-rennes2.fr\/ace\/wp-json\/wp\/v2\/comments?post=671"}],"version-history":[{"count":6,"href":"https:\/\/sites-recherche.univ-rennes2.fr\/ace\/wp-json\/wp\/v2\/posts\/671\/revisions"}],"predecessor-version":[{"id":959,"href":"https:\/\/sites-recherche.univ-rennes2.fr\/ace\/wp-json\/wp\/v2\/posts\/671\/revisions\/959"}],"wp:featuredmedia":[{"embeddable":true,"href":"https:\/\/sites-recherche.univ-rennes2.fr\/ace\/wp-json\/wp\/v2\/media\/437"}],"wp:attachment":[{"href":"https:\/\/sites-recherche.univ-rennes2.fr\/ace\/wp-json\/wp\/v2\/media?parent=671"}],"curies":[{"name":"wp","href":"https:\/\/api.w.org\/{rel}","templated":true}]}}