{"id":2003,"global_id":"sites-recherche.univ-rennes2.fr\/cellam?id=2003","global_id_lineage":["sites-recherche.univ-rennes2.fr\/cellam?id=2003"],"author":"18","status":"publish","date":"2021-06-08 13:15:53","date_utc":"2021-06-08 11:15:53","modified":"2021-11-21 09:05:01","modified_utc":"2021-11-21 08:05:01","url":"https:\/\/sites-recherche.univ-rennes2.fr\/cellam\/evenement\/prosper-merimee\/","rest_url":"https:\/\/sites-recherche.univ-rennes2.fr\/cellam\/wp-json\/tribe\/events\/v1\/events\/2003","title":"Colloque: Prosper M\u00e9rim\u00e9e","description":"<p>MERCREDI 9 JUIN 2021 MATIN\u00c9E<\/p>\n<p>Pr\u00e9sidence\u00a0: Fran\u00e7oise Berc\u00e9 (Direction du Patrimoine)<\/p>\n<p>9 h 30 Introduction<\/p>\n<p>9 h 45<\/p>\n<p>Francis Marcoin (Universit\u00e9 d\u2019Arras)<\/p>\n<p>\u00ab\u00a0M\u00e9rim\u00e9e, de l&rsquo;\u00e9cole primaire \u00e0 l&rsquo;universit\u00e9\u00a0\u00bb<\/p>\n<p>10 h 30<\/p>\n<p>Alice Thomine-Berrada (\u00c9cole des beaux-arts)<\/p>\n<p>\u00ab\u00a0D\u2019une g\u00e9n\u00e9ration \u00e0 l\u2019autre : L\u00e9onor et Prosper M\u00e9rim\u00e9e \u00e0 l\u2019\u00c9cole des beaux-arts\u00a0\u00bb<\/p>\n<p>11 h 15<\/p>\n<p>Xavier Bourdenet (Universit\u00e9 Rennes 2, CELLAM \u2013 EA 3206)<em>\u00a0\u00a0\u00a0\u00a0\u00a0 <\/em><\/p>\n<p>\u00ab\u00a0<em>La Guzla <\/em>ou la communaut\u00e9 d\u00e9faite\u00a0\u00bb<\/p>\n<p>&nbsp;<\/p>\n<p>&nbsp;<\/p>\n<p>MERCREDI 9 JUIN 2021 APR\u00c8S-MIDI<\/p>\n<p>Pr\u00e9sidence\u00a0: Fran\u00e7ois G\u00e9al (Universit\u00e9 Lumi\u00e8re \u2013 Lyon 2)<\/p>\n<p>14 h<\/p>\n<p>Christine Pouzoulet (Universit\u00e9 Montpellier 3)<\/p>\n<p>\u00ab\u00a0Fauriel, M\u00e9rim\u00e9e et l&rsquo;amour de la po\u00e9sie populaire : des enjeux id\u00e9ologiques et esth\u00e9tiques diff\u00e9rents\u00a0\u00bb<\/p>\n<p>14 h 45<\/p>\n<p>Esther Pinon (Universit\u00e9 Rennes 2)<\/p>\n<p>\u00ab\u00a0Une \u00ab\u00a0foi de chien\u00a0\u00bb ? R\u00e9versibilit\u00e9 de la <em>fides<\/em> dans<em> La Guzla<\/em>\u00a0\u00bb<\/p>\n<p>15 h 30<\/p>\n<p>Anne Geisler-Szmulewicz\u00a0 (Universit\u00e9 \u00c9vry-Val d\u2019Essonne)<\/p>\n<p>\u00ab\u00a0<em>La Guzla<\/em> de M\u00e9rim\u00e9e (1827), une \u00ab\u00a0vieillerie\u00a0\u00bb romantique\u00a0?\u00a0\u00bb<\/p>\n<p>16 h 15<\/p>\n<p>Alexandre Bonafos (University of North Carolina)<\/p>\n<p>\u00ab\u00a0La visite du monument chez M\u00e9rim\u00e9e\u00a0: parcours, enqu\u00eate et description dans les <em>Notes de Voyages<\/em>\u00a0\u00bb<\/p>\n<p>&nbsp;<\/p>\n<p>&nbsp;<\/p>\n<p>JEUDI 10 JUIN 2021 MATIN\u00c9E<\/p>\n<p>Pr\u00e9sidence\u00a0: Daniel-Henri Pageaux (Universit\u00e9 Paris 3 \u2013 Sorbonne nouvelle)<\/p>\n<p>9 h 30<\/p>\n<p>Gilbert Schrenck (Universit\u00e9 de Strasbourg)<\/p>\n<p>\u00ab\u00a0Le r\u00e9seau \u00e9rudit de M\u00e9rim\u00e9e \u00e9diteur d\u2019Agrippa d\u2019Aubign\u00e9 et de Pierre de Brant\u00f4me\u00a0\u00bb<\/p>\n<p>10 h 15<\/p>\n<p>Antonia Fonyi (CNRS\/ITEM)<\/p>\n<p>\u00ab\u00a0Prosper M\u00e9rim\u00e9e anarchiste et conservateur\u00a0\u00bb<\/p>\n<p>11 h<\/p>\n<p>Claude Millet (Universit\u00e9 Paris 7)<\/p>\n<p>\u00ab\u00a0<em>Carmen <\/em>ou l&rsquo;h\u00e9sitation\u00a0\u00bb<\/p>\n<p>11 h 45<\/p>\n<p>Sylvie Thorel (Universit\u00e9 Lille 3)<\/p>\n<p>\u00ab\u00a0La conscience romanesque de M\u00e9rim\u00e9e. Une lecture de <em>La Double M\u00e9prise<\/em>\u00a0\u00bb<\/p>\n<p>&nbsp;<\/p>\n<p>Chaque communication sera suivie de discussions<\/p>\n<p>Organisateurs\u00a0: Xavier Bourdenet (<a href=\"mailto:xavier.bourdenet[at]free.fr\">xavier.bourdenet[at]free.fr<\/a>), Antonia Fonyi(<a href=\"mailto:antonia.fonyi@wanadoo.fr\">antonia.fonyi[at]wanadoo.fr<\/a>),<\/p>\n<p>Pierre Glaudes (<a href=\"mailto:pierre.glaudes@wanadoo.fr\">pierre.glaudes[at]wanadoo.fr<\/a>)<\/p>\n<p>&nbsp;<\/p>","excerpt":"","slug":"prosper-merimee","image":{"url":"https:\/\/sites-recherche.univ-rennes2.fr\/cellam\/wp-content\/uploads\/2021\/06\/merimee.png","id":2006,"extension":"png","width":781,"height":952,"sizes":{"medium":{"width":246,"height":300,"mime-type":"image\/png","url":"https:\/\/sites-recherche.univ-rennes2.fr\/cellam\/wp-content\/uploads\/2021\/06\/merimee-246x300.png"},"thumbnail":{"width":150,"height":150,"mime-type":"image\/png","url":"https:\/\/sites-recherche.univ-rennes2.fr\/cellam\/wp-content\/uploads\/2021\/06\/merimee-150x150.png"},"medium_large":{"width":768,"height":936,"mime-type":"image\/png","url":"https:\/\/sites-recherche.univ-rennes2.fr\/cellam\/wp-content\/uploads\/2021\/06\/merimee-768x936.png"},"thumb-medium-art":{"width":255,"height":250,"mime-type":"image\/png","url":"https:\/\/sites-recherche.univ-rennes2.fr\/cellam\/wp-content\/uploads\/2021\/06\/merimee-255x250.png"},"thumb-medium-art-2":{"width":575,"height":565,"mime-type":"image\/png","url":"https:\/\/sites-recherche.univ-rennes2.fr\/cellam\/wp-content\/uploads\/2021\/06\/merimee-575x565.png"},"thumb-medium-act":{"width":350,"height":270,"mime-type":"image\/png","url":"https:\/\/sites-recherche.univ-rennes2.fr\/cellam\/wp-content\/uploads\/2021\/06\/merimee-350x270.png"},"thumb-medium-550":{"width":550,"height":310,"mime-type":"image\/png","url":"https:\/\/sites-recherche.univ-rennes2.fr\/cellam\/wp-content\/uploads\/2021\/06\/merimee-550x310.png"},"thumb-avatar":{"width":150,"height":200,"mime-type":"image\/png","url":"https:\/\/sites-recherche.univ-rennes2.fr\/cellam\/wp-content\/uploads\/2021\/06\/merimee-150x200.png"},"thumb-1920":{"width":781,"height":460,"mime-type":"image\/png","url":"https:\/\/sites-recherche.univ-rennes2.fr\/cellam\/wp-content\/uploads\/2021\/06\/merimee-781x460.png"},"thumb-1920-b":{"width":781,"height":260,"mime-type":"image\/png","url":"https:\/\/sites-recherche.univ-rennes2.fr\/cellam\/wp-content\/uploads\/2021\/06\/merimee-781x260.png"}}},"all_day":false,"start_date":"2021-06-09 08:00:00","start_date_details":{"year":"2021","month":"06","day":"09","hour":"08","minutes":"00","seconds":"00"},"end_date":"2021-06-10 13:00:00","end_date_details":{"year":"2021","month":"06","day":"10","hour":"13","minutes":"00","seconds":"00"},"utc_start_date":"2021-06-09 06:00:00","utc_start_date_details":{"year":"2021","month":"06","day":"09","hour":"06","minutes":"00","seconds":"00"},"utc_end_date":"2021-06-10 11:00:00","utc_end_date_details":{"year":"2021","month":"06","day":"10","hour":"11","minutes":"00","seconds":"00"},"timezone":"Europe\/Paris","timezone_abbr":"CEST","cost":"","cost_details":{"currency_symbol":"","currency_code":"","currency_position":"prefix","values":[]},"website":"","show_map":false,"show_map_link":false,"hide_from_listings":false,"sticky":false,"featured":false,"categories":[{"name":"Colloque","slug":"colloque","term_group":0,"term_taxonomy_id":25,"taxonomy":"tribe_events_cat","description":"","parent":0,"count":24,"filter":"raw","id":25,"urls":{"self":"https:\/\/sites-recherche.univ-rennes2.fr\/cellam\/wp-json\/tribe\/events\/v1\/categories\/25","collection":"https:\/\/sites-recherche.univ-rennes2.fr\/cellam\/wp-json\/tribe\/events\/v1\/categories"}}],"tags":[],"venue":{"id":265,"author":"1","status":"publish","date":"2020-09-21 14:26:32","date_utc":"2020-09-21 12:26:32","modified":"2020-10-14 10:34:44","modified_utc":"2020-10-14 08:34:44","url":"https:\/\/sites-recherche.univ-rennes2.fr\/cellam\/lieu\/en-ligne\/","venue":"En ligne","slug":"en-ligne","json_ld":{"@type":"Place","name":"En ligne","description":"","url":"","address":{"@type":"PostalAddress"},"telephone":"","sameAs":""},"show_map":true,"show_map_link":true,"global_id":"sites-recherche.univ-rennes2.fr\/cellam?id=265","global_id_lineage":["sites-recherche.univ-rennes2.fr\/cellam?id=265"]},"organizer":[{"id":288,"author":"1","status":"publish","date":"2020-09-21 15:24:12","date_utc":"2020-09-21 13:24:12","modified":"2020-09-21 15:24:12","modified_utc":"2020-09-21 13:24:12","url":"https:\/\/sites-recherche.univ-rennes2.fr\/cellam\/organisateur\/xavier-bourdenet\/","organizer":"Xavier Bourdenet","slug":"xavier-bourdenet","email":"xavier.bourdenet@univ-rennes2.fr","json_ld":{"@type":"Person","name":"Xavier Bourdenet","description":"","url":"","telephone":"","email":"&#120;&#97;&#118;ier.b&#111;urd&#101;ne&#116;&#64;&#117;&#110;&#105;&#118;-&#114;e&#110;n&#101;&#115;2.fr","sameAs":""},"global_id":"sites-recherche.univ-rennes2.fr\/cellam?id=288","global_id_lineage":["sites-recherche.univ-rennes2.fr\/cellam?id=288"]}],"custom_fields":[],"json_ld":{"@context":"http:\/\/schema.org","@type":"Event","name":"Colloque: Prosper M\u00e9rim\u00e9e","description":"&lt;p&gt;MERCREDI 9 JUIN 2021 MATIN\u00c9E Pr\u00e9sidence\u00a0: Fran\u00e7oise Berc\u00e9 (Direction du Patrimoine) 9 h 30 Introduction 9 h 45 Francis Marcoin (Universit\u00e9 d\u2019Arras) \u00ab\u00a0M\u00e9rim\u00e9e, de&hellip;&lt;\/p&gt;\\n","image":"https:\/\/sites-recherche.univ-rennes2.fr\/cellam\/wp-content\/uploads\/2021\/06\/merimee.png","url":"https:\/\/sites-recherche.univ-rennes2.fr\/cellam\/evenement\/prosper-merimee\/","eventAttendanceMode":"https:\/\/schema.org\/OfflineEventAttendanceMode","eventStatus":"https:\/\/schema.org\/EventScheduled","startDate":"2021-06-09T08:00:00+02:00","endDate":"2021-06-10T13:00:00+02:00","location":{"@type":"Place","name":"En ligne","description":"","url":"","address":{"@type":"PostalAddress"},"telephone":"","sameAs":""},"organizer":{"@type":"Person","name":"Xavier Bourdenet","description":"","url":"","telephone":"","email":"xa&#118;ier.&#98;ou&#114;&#100;&#101;&#110;&#101;t&#64;univ-re&#110;nes&#50;.f&#114;","sameAs":""},"performer":"Organization"}}