{"id":3222,"global_id":"sites-recherche.univ-rennes2.fr\/cellam?id=3222","global_id_lineage":["sites-recherche.univ-rennes2.fr\/cellam?id=3222"],"author":"7","status":"publish","date":"2023-01-23 15:32:15","date_utc":"2023-01-23 14:32:15","modified":"2023-01-23 15:32:15","modified_utc":"2023-01-23 14:32:15","url":"https:\/\/sites-recherche.univ-rennes2.fr\/cellam\/evenement\/journee-detude-2-le-contresens-createur-dans-lexegese-des-textes-antiques\/","rest_url":"https:\/\/sites-recherche.univ-rennes2.fr\/cellam\/wp-json\/tribe\/events\/v1\/events\/3222","title":"Journ\u00e9e d&rsquo;\u00c9tude 2 \u00ab Le contresens cr\u00e9ateur dans l\u2019ex\u00e9g\u00e8se des textes antiques \u00bb","description":"<p>Le projet prend son point de d\u00e9part des r\u00e9flexions esquiss\u00e9es par Pierre Hadot dans l\u2019article \u00ab Philosophie, ex\u00e9g\u00e8se et contresens \u00bb (repris dans les \u00c9tudes de philosophie ancienne, 1998). Comme le rappelle P. Hadot dans cet article, l\u2019ex\u00e9g\u00e8se dans l\u2019Antiquit\u00e9 s\u2019est fond\u00e9e sur une lecture de textes \u00e9manant d\u2019autorit\u00e9s, qui \u00e9tait en partie \u00e9maill\u00e9e de contresens. De tels contresens \u00e9taient souvent le r\u00e9sultat d\u2019un principe herm\u00e9neutique consistant \u00e0 s\u2019efforcer d\u2019accommoder la lettre du texte \u00e0 ce qui \u00e9tait consid\u00e9r\u00e9 comme \u00ab la \u00bb v\u00e9rit\u00e9. P. Hadot montre \u00e9galement que plusieurs de ces contresens ont \u00e9t\u00e9 cr\u00e9ateurs de significations et de concepts nouveaux, voire d\u2019\u00e9difices dogmatiques inattendus.<br \/>\nEn s\u2019appuyant sur ces r\u00e9flexions, le groupe Mouseion souhaite \u00e0 travers ces trois journ\u00e9es d\u2019\u00e9tudes \u00e9largir le point de vue de P. Hadot \u2014 centr\u00e9 sur l\u2019histoire de la philosophie \u2014 aux commentaires des textes litt\u00e9raires, au domaine patristique et aux arts visuels. La sp\u00e9cificit\u00e9 des diff\u00e9rents champs disciplinaires et des approches qui leur sont propres sera prise en compte, et l\u2019attention se portera tr\u00e8s pr\u00e9cis\u00e9ment sur les m\u00e9canismes de d\u00e9formations, sur les tendances ex\u00e9g\u00e9tiques et sur les outils \u00e0 l\u2019\u0153uvre dans chaque exemple examin\u00e9. Parmi les probl\u00e9matiques que ces journ\u00e9es d\u2019\u00e9tudes ont pour projet d\u2019explorer figure la notion de \u00ab contresens \u00bb elle-m\u00eame, que l\u2019on saisira \u00e0 travers les champs lexicaux \u2014 grecs et latins \u2014 susceptibles de lui \u00eatre rattach\u00e9s et qui apparaissent, en particulier, \u00e0 l\u2019occasion de d\u00e9bats interpr\u00e9tatifs.<\/p>\n<p><a href=\"http:\/\/sites-recherche.univ-rennes2.fr\/cellam\/wp-content\/uploads\/2023\/01\/JE-Contresens-2-programme-fevrier-2023.pdf\"><strong>Programme<\/strong><\/a><\/p>","excerpt":"","slug":"journee-detude-2-le-contresens-createur-dans-lexegese-des-textes-antiques","image":false,"all_day":false,"start_date":"2023-02-02 10:00:00","start_date_details":{"year":"2023","month":"02","day":"02","hour":"10","minutes":"00","seconds":"00"},"end_date":"2023-02-02 17:30:00","end_date_details":{"year":"2023","month":"02","day":"02","hour":"17","minutes":"30","seconds":"00"},"utc_start_date":"2023-02-02 09:00:00","utc_start_date_details":{"year":"2023","month":"02","day":"02","hour":"09","minutes":"00","seconds":"00"},"utc_end_date":"2023-02-02 16:30:00","utc_end_date_details":{"year":"2023","month":"02","day":"02","hour":"16","minutes":"30","seconds":"00"},"timezone":"Europe\/Paris","timezone_abbr":"CET","cost":"","cost_details":{"currency_symbol":"","currency_code":"","currency_position":"prefix","values":[]},"website":"https:\/\/nouvelles.univ-rennes2.fr\/event\/journee-detude-2-contresens-createur-dans-lexegese-textes-antiques","show_map":false,"show_map_link":true,"hide_from_listings":false,"sticky":false,"featured":false,"categories":[{"name":"journ\u00e9e d'\u00e9tudes","slug":"journee-detudes","term_group":0,"term_taxonomy_id":29,"taxonomy":"tribe_events_cat","description":"","parent":0,"count":24,"filter":"raw","id":29,"urls":{"self":"https:\/\/sites-recherche.univ-rennes2.fr\/cellam\/wp-json\/tribe\/events\/v1\/categories\/29","collection":"https:\/\/sites-recherche.univ-rennes2.fr\/cellam\/wp-json\/tribe\/events\/v1\/categories"}},{"name":"S\u00e9minaire","slug":"seminaire","term_group":0,"term_taxonomy_id":26,"taxonomy":"tribe_events_cat","description":"","parent":0,"count":61,"filter":"raw","id":26,"urls":{"self":"https:\/\/sites-recherche.univ-rennes2.fr\/cellam\/wp-json\/tribe\/events\/v1\/categories\/26","collection":"https:\/\/sites-recherche.univ-rennes2.fr\/cellam\/wp-json\/tribe\/events\/v1\/categories"}}],"tags":[],"venue":{"id":362,"author":"1","status":"publish","date":"2020-09-24 09:25:57","date_utc":"2020-09-24 07:25:57","modified":"2021-11-01 09:49:04","modified_utc":"2021-11-01 08:49:04","url":"https:\/\/sites-recherche.univ-rennes2.fr\/cellam\/lieu\/mshb\/","venue":"MSHB salle 005","slug":"mshb","address":"2 Avenue Gaston Berger","city":"Rennes","zip":"35043","website":"https:\/\/www.mshb.fr","json_ld":{"@type":"Place","name":"MSHB salle 005","description":"","url":"","address":{"@type":"PostalAddress","streetAddress":"2 Avenue Gaston Berger","addressLocality":"Rennes","postalCode":"35043"},"telephone":"","sameAs":"https:\/\/www.mshb.fr"},"show_map":false,"show_map_link":true,"global_id":"sites-recherche.univ-rennes2.fr\/cellam?id=362","global_id_lineage":["sites-recherche.univ-rennes2.fr\/cellam?id=362"]},"organizer":[{"id":1125,"author":"6","status":"publish","date":"2021-01-28 16:07:29","date_utc":"2021-01-28 15:07:29","modified":"2021-01-28 16:07:29","modified_utc":"2021-01-28 15:07:29","url":"https:\/\/sites-recherche.univ-rennes2.fr\/cellam\/organisateur\/sophie-van-der-meeren\/","organizer":"Sophie Van der Meeren","slug":"sophie-van-der-meeren","json_ld":{"@type":"Person","name":"Sophie Van der Meeren","description":"","url":"","telephone":"","email":"","sameAs":""},"global_id":"sites-recherche.univ-rennes2.fr\/cellam?id=1125","global_id_lineage":["sites-recherche.univ-rennes2.fr\/cellam?id=1125"]}],"custom_fields":[],"json_ld":{"@context":"http:\/\/schema.org","@type":"Event","name":"Journ\u00e9e d&rsquo;\u00c9tude 2 \u00ab Le contresens cr\u00e9ateur dans l\u2019ex\u00e9g\u00e8se des textes antiques \u00bb","description":"&lt;p&gt;Le projet prend son point de d\u00e9part des r\u00e9flexions esquiss\u00e9es par Pierre Hadot dans l\u2019article \u00ab Philosophie, ex\u00e9g\u00e8se et contresens \u00bb (repris dans les&hellip;&lt;\/p&gt;\\n","url":"https:\/\/sites-recherche.univ-rennes2.fr\/cellam\/evenement\/journee-detude-2-le-contresens-createur-dans-lexegese-des-textes-antiques\/","eventAttendanceMode":"https:\/\/schema.org\/OfflineEventAttendanceMode","eventStatus":"https:\/\/schema.org\/EventScheduled","startDate":"2023-02-02T10:00:00+01:00","endDate":"2023-02-02T17:30:00+01:00","location":{"@type":"Place","name":"MSHB salle 005","description":"","url":"","address":{"@type":"PostalAddress","streetAddress":"2 Avenue Gaston Berger","addressLocality":"Rennes","postalCode":"35043"},"telephone":"","sameAs":"https:\/\/www.mshb.fr"},"organizer":{"@type":"Person","name":"Sophie Van der Meeren","description":"","url":"","telephone":"","email":"","sameAs":""},"performer":"Organization"}}