{"id":3653,"global_id":"sites-recherche.univ-rennes2.fr\/cellam?id=3653","global_id_lineage":["sites-recherche.univ-rennes2.fr\/cellam?id=3653"],"author":"36","status":"publish","date":"2023-06-01 17:21:45","date_utc":"2023-06-01 15:21:45","modified":"2023-06-08 09:42:47","modified_utc":"2023-06-08 07:42:47","url":"https:\/\/sites-recherche.univ-rennes2.fr\/cellam\/evenement\/journee-des-jeunes-chercheurs-arthuriens-de-la-branche-francaise-de-la-sia\/","rest_url":"https:\/\/sites-recherche.univ-rennes2.fr\/cellam\/wp-json\/tribe\/events\/v1\/events\/3653","title":"Journ\u00e9e des Jeunes Chercheurs Arthuriens de la branche fran\u00e7aise de la SIA","description":"<p>&nbsp;<\/p>\n<p>Organis\u00e9e par Christine Ferlampin-Acher, Lucie Blouin et Federica Butt\u00f2<\/p>\n<p><a href=\"http:\/\/sites-recherche.univ-rennes2.fr\/cellam\/wp-content\/uploads\/2023\/06\/affiche-et-programme-jjca-2023.pdf\">Affiche et programme JJCA 2023<\/a><\/p>","excerpt":"","slug":"journee-des-jeunes-chercheurs-arthuriens-de-la-branche-francaise-de-la-sia","image":{"url":"https:\/\/sites-recherche.univ-rennes2.fr\/cellam\/wp-content\/uploads\/2023\/06\/tristan-en-prose.png","id":3681,"extension":"png","width":820,"height":691,"filesize":933741,"sizes":{"medium":{"width":300,"height":253,"mime-type":"image\/png","filesize":145535,"url":"https:\/\/sites-recherche.univ-rennes2.fr\/cellam\/wp-content\/uploads\/2023\/06\/tristan-en-prose-300x253.png"},"thumbnail":{"width":150,"height":150,"mime-type":"image\/png","filesize":49651,"url":"https:\/\/sites-recherche.univ-rennes2.fr\/cellam\/wp-content\/uploads\/2023\/06\/tristan-en-prose-150x150.png"},"medium_large":{"width":768,"height":647,"mime-type":"image\/png","filesize":714379,"url":"https:\/\/sites-recherche.univ-rennes2.fr\/cellam\/wp-content\/uploads\/2023\/06\/tristan-en-prose-768x647.png"},"thumb-medium-art":{"width":255,"height":250,"mime-type":"image\/png","filesize":129232,"url":"https:\/\/sites-recherche.univ-rennes2.fr\/cellam\/wp-content\/uploads\/2023\/06\/tristan-en-prose-255x250.png"},"thumb-medium-art-2":{"width":575,"height":565,"mime-type":"image\/png","filesize":527229,"url":"https:\/\/sites-recherche.univ-rennes2.fr\/cellam\/wp-content\/uploads\/2023\/06\/tristan-en-prose-575x565.png"},"thumb-medium-act":{"width":350,"height":270,"mime-type":"image\/png","filesize":180186,"url":"https:\/\/sites-recherche.univ-rennes2.fr\/cellam\/wp-content\/uploads\/2023\/06\/tristan-en-prose-350x270.png"},"thumb-medium-550":{"width":550,"height":310,"mime-type":"image\/png","filesize":298205,"url":"https:\/\/sites-recherche.univ-rennes2.fr\/cellam\/wp-content\/uploads\/2023\/06\/tristan-en-prose-550x310.png"},"thumb-avatar":{"width":150,"height":200,"mime-type":"image\/png","filesize":64357,"url":"https:\/\/sites-recherche.univ-rennes2.fr\/cellam\/wp-content\/uploads\/2023\/06\/tristan-en-prose-150x200.png"},"thumb-1920":{"width":820,"height":460,"mime-type":"image\/png","filesize":581217,"url":"https:\/\/sites-recherche.univ-rennes2.fr\/cellam\/wp-content\/uploads\/2023\/06\/tristan-en-prose-820x460.png"},"thumb-1920-b":{"width":820,"height":260,"mime-type":"image\/png","filesize":322132,"url":"https:\/\/sites-recherche.univ-rennes2.fr\/cellam\/wp-content\/uploads\/2023\/06\/tristan-en-prose-820x260.png"}}},"all_day":false,"start_date":"2023-06-09 09:30:00","start_date_details":{"year":"2023","month":"06","day":"09","hour":"09","minutes":"30","seconds":"00"},"end_date":"2023-06-09 17:30:00","end_date_details":{"year":"2023","month":"06","day":"09","hour":"17","minutes":"30","seconds":"00"},"utc_start_date":"2023-06-09 07:30:00","utc_start_date_details":{"year":"2023","month":"06","day":"09","hour":"07","minutes":"30","seconds":"00"},"utc_end_date":"2023-06-09 15:30:00","utc_end_date_details":{"year":"2023","month":"06","day":"09","hour":"15","minutes":"30","seconds":"00"},"timezone":"Europe\/Paris","timezone_abbr":"CEST","cost":"","cost_details":{"currency_symbol":"","currency_code":"","currency_position":"prefix","values":[]},"website":"","show_map":false,"show_map_link":true,"hide_from_listings":false,"sticky":false,"featured":false,"categories":[],"tags":[],"venue":{"id":2470,"author":"153","status":"publish","date":"2021-12-16 19:05:46","date_utc":"2021-12-16 18:05:46","modified":"2023-10-11 10:47:21","modified_utc":"2023-10-11 08:47:21","url":"https:\/\/sites-recherche.univ-rennes2.fr\/cellam\/lieu\/salle-recherche-batiment-b\/","venue":"Campus Villejean, salle recherche, b\u00e2timent B","slug":"salle-recherche-batiment-b","json_ld":{"@type":"Place","name":"Campus Villejean, salle recherche, b\u00e2timent B","description":"","url":"","address":{"@type":"PostalAddress"},"telephone":"","sameAs":""},"show_map":false,"show_map_link":true,"global_id":"sites-recherche.univ-rennes2.fr\/cellam?id=2470","global_id_lineage":["sites-recherche.univ-rennes2.fr\/cellam?id=2470"]},"organizer":[{"id":374,"author":"6","status":"publish","date":"2020-10-02 15:06:40","date_utc":"2020-10-02 13:06:40","modified":"2020-10-02 15:10:43","modified_utc":"2020-10-02 13:10:43","url":"https:\/\/sites-recherche.univ-rennes2.fr\/cellam\/organisateur\/christine-ferlampin-acher\/","organizer":"Christine Ferlampin-Acher","slug":"christine-ferlampin-acher","website":"http:\/\/sites-recherche.univ-rennes2.fr\/cellam\/author\/christine-ferlampin-acher\/","email":"christine.ferlampin-acher@univ-rennes2.fr","json_ld":{"@type":"Person","name":"Christine Ferlampin-Acher","description":"","url":"http:\/\/sites-recherche.univ-rennes2.fr\/cellam\/author\/christine-ferlampin-acher\/","telephone":"","email":"c&#104;ri&#115;t&#105;ne&#46;fe&#114;la&#109;p&#105;n-ac&#104;&#101;r&#64;&#117;&#110;&#105;v&#45;re&#110;ne&#115;&#50;&#46;fr","sameAs":"http:\/\/sites-recherche.univ-rennes2.fr\/cellam\/author\/christine-ferlampin-acher\/"},"global_id":"sites-recherche.univ-rennes2.fr\/cellam?id=374","global_id_lineage":["sites-recherche.univ-rennes2.fr\/cellam?id=374"]},{"id":3656,"author":"36","status":"draft","date":"2023-06-01 17:16:21","date_utc":"0000-00-00 00:00:00","modified":"2023-06-01 17:16:21","modified_utc":"0000-00-00 00:00:00","url":"https:\/\/sites-recherche.univ-rennes2.fr\/cellam\/?post_type=tribe_organizer&p=3656","organizer":"Lucie Blouin","slug":"lucie-blouin","global_id":"sites-recherche.univ-rennes2.fr\/cellam?id=3656","global_id_lineage":["sites-recherche.univ-rennes2.fr\/cellam?id=3656"]},{"id":3658,"author":"36","status":"publish","date":"2023-06-01 17:21:45","date_utc":"2023-06-01 15:21:45","modified":"2023-06-01 17:21:45","modified_utc":"2023-06-01 15:21:45","url":"https:\/\/sites-recherche.univ-rennes2.fr\/cellam\/organisateur\/federica-butto-2\/","organizer":"Federica Butt\u00f2","slug":"federica-butto-2","json_ld":{"@type":"Person","name":"Federica Butt\u00f2","description":"","url":"","telephone":"","email":"","sameAs":""},"global_id":"sites-recherche.univ-rennes2.fr\/cellam?id=3658","global_id_lineage":["sites-recherche.univ-rennes2.fr\/cellam?id=3658"]}],"custom_fields":[],"json_ld":{"@context":"http:\/\/schema.org","@type":"Event","name":"Journ\u00e9e des Jeunes Chercheurs Arthuriens de la branche fran\u00e7aise de la SIA","description":"&lt;p&gt;&nbsp; Organis\u00e9e par Christine Ferlampin-Acher, Lucie Blouin et Federica Butt\u00f2 Affiche et programme JJCA 2023&lt;\/p&gt;\\n","image":"https:\/\/sites-recherche.univ-rennes2.fr\/cellam\/wp-content\/uploads\/2023\/06\/tristan-en-prose.png","url":"https:\/\/sites-recherche.univ-rennes2.fr\/cellam\/evenement\/journee-des-jeunes-chercheurs-arthuriens-de-la-branche-francaise-de-la-sia\/","eventAttendanceMode":"https:\/\/schema.org\/OfflineEventAttendanceMode","eventStatus":"https:\/\/schema.org\/EventScheduled","startDate":"2023-06-09T09:30:00+02:00","endDate":"2023-06-09T17:30:00+02:00","location":{"@type":"Place","name":"Campus Villejean, salle recherche, b\u00e2timent B","description":"","url":"","address":{"@type":"PostalAddress"},"telephone":"","sameAs":""},"organizer":{"@type":"Person","name":"Christine Ferlampin-Acher","description":"","url":"http:\/\/sites-recherche.univ-rennes2.fr\/cellam\/author\/christine-ferlampin-acher\/","telephone":"","email":"ch&#114;istin&#101;.&#102;erl&#97;&#109;p&#105;&#110;&#45;&#97;c&#104;&#101;r&#64;&#117;ni&#118;-&#114;enn&#101;s2&#46;fr","sameAs":"http:\/\/sites-recherche.univ-rennes2.fr\/cellam\/author\/christine-ferlampin-acher\/"},"performer":"Organization"}}